{"id":256,"date":"2020-07-17T11:15:35","date_gmt":"2020-07-17T09:15:35","guid":{"rendered":"https:\/\/www.parchidellaromagna.it\/turismoinromagna\/?p=256"},"modified":"2025-03-04T11:48:36","modified_gmt":"2025-03-04T10:48:36","slug":"acquario-di-cattolica-compie-20-anni","status":"publish","type":"post","link":"https:\/\/www.parchidellaromagna.it\/turismoinromagna\/acquario-di-cattolica-compie-20-anni\/","title":{"rendered":"L&#8217;Acquario di Cattolica compie 20 anni!"},"content":{"rendered":"\n<figure class=\"wp-block-image size-large\"><img loading=\"lazy\" decoding=\"async\" width=\"750\" height=\"530\" src=\"https:\/\/www.parchidellaromagna.it\/turismoinromagna\/wp-content\/uploads\/2020\/07\/acquario-cattolica-bambini-pinguini.jpg\" alt=\"Bambini davanti alla vasca dei pinguini dell'Acquario di Cattolica\" class=\"wp-image-257\" srcset=\"https:\/\/www.parchidellaromagna.it\/turismoinromagna\/wp-content\/uploads\/2020\/07\/acquario-cattolica-bambini-pinguini.jpg 750w, https:\/\/www.parchidellaromagna.it\/turismoinromagna\/wp-content\/uploads\/2020\/07\/acquario-cattolica-bambini-pinguini-300x212.jpg 300w\" sizes=\"auto, (max-width: 750px) 100vw, 750px\" \/><\/figure>\n\n\n\n<p>Appena le condizioni e le normative di sicurezza lo hanno permesso, <a href=\"https:\/\/www.parchidellaromagna.it\/acquario-di-cattolica-offerte-biglietti-hotel.php\">l\u2019Acquario di Cattolica<\/a> ha voluto festeggiare i sui primi 20 anni e riassumere due decenni di successo e di impatto positivo sul territorio romagnolo.<\/p>\n\n\n\n<p>La storia che lega l\u2019Acquario di Cattolica alla sua citt\u00e0 \u00e8 straordinaria: racconta di un Sindaco che vede un\u2019opportunit\u00e0 in una struttura storica non valorizzata, di un imprenditore lungimirante che valica l\u2019Italia, da mare a mare per sostenerne il sogno, di un gruppo di persone crede e resiste, attraverso crisi e dubbi, fino all\u2019obiettivo: quello di fare dell\u2019Acquario di Cattolica un riferimento fondamentale per la citt\u00e0 e il secondo grande acquario d\u2019Italia.<\/p>\n\n\n\n<p>Le architetture significative, la collocazione in una delle citt\u00e0 di mare pi\u00f9 belle del Paese e, soprattutto, la caparbiet\u00e0 di chi ha voluto che l\u2019Acquario nascesse e di chi ha lottato perch\u00e9 sopravvivesse, raccontano come un progetto imprenditoriale abbia impattato positivamente sul tessuto sociale di Cattolica e del territorio.<\/p>\n\n\n\n<p>A questo si aggiungono i tanti progetti di tutela delle specie minacciate e l\u2019attenzione all\u2019ambiente, il rinnovamento le migliorie continue, la divulgazione che passa attraverso le emozioni: elementi che vedono la struttura premiata dalla presenza di circa 280.000 visitatori annuali.<\/p>\n\n\n\n<figure class=\"wp-block-image size-large\"><img loading=\"lazy\" decoding=\"async\" width=\"750\" height=\"530\" src=\"https:\/\/www.parchidellaromagna.it\/turismoinromagna\/wp-content\/uploads\/2020\/07\/acquario-di-cattolica-bambini-squali.jpg\" alt=\"Bambini davanti alla vasca degli squali all'Acquario di Cattolica\" class=\"wp-image-259\" srcset=\"https:\/\/www.parchidellaromagna.it\/turismoinromagna\/wp-content\/uploads\/2020\/07\/acquario-di-cattolica-bambini-squali.jpg 750w, https:\/\/www.parchidellaromagna.it\/turismoinromagna\/wp-content\/uploads\/2020\/07\/acquario-di-cattolica-bambini-squali-300x212.jpg 300w\" sizes=\"auto, (max-width: 750px) 100vw, 750px\" \/><\/figure>\n\n\n\n<p>Oggi, l\u2019Acquario di Cattolica si presenta come una struttura ben inserita nel contesto cittadino, di grande impatto architettonico e ben organizzata, dove la visita si snoda lungo percorsi emozionanti che rappresentano diversi ambienti acquatici.<\/p>\n\n\n\n<p>Protagonisti, gli Squali toro (<em>Carcharius taurus)<\/em> pi\u00f9 grandi d\u2019Italia, che nuotano in 700.000 litri di acqua salata della grande vasca centrale l\u2019Acquario racconta una storia di ecosistemi e specie da tutelare, e ogni esemplare testimonia che, per quanto bellissimo, colorato, popolato da creature meravigliose, il nostro pianeta dipende dalla nostra volont\u00e0 di preservarlo.<\/p>\n\n\n\n<p>La grande attenzione verso l\u2019utenza fa dell\u2019Acquario di Cattolica uno dei parchi preferiti dalle famiglie. Il dipartimento scientifico didattico collabora e propone progetti di divulgazione e tutela delle specie minacciate, insieme a strutture italiane e straniere, centri di ricerca e associazioni.<\/p>\n\n\n\n<p>La celebrazione dei 20 anni, per quanto sia sempre un momento emozionante, non pu\u00f2 fermarsi alla commemorazione del passato o alle riflessioni sul presente ma vuole essere il momento per nuovi spunti e ispirazioni per il futuro&#8230;<\/p>\n","protected":false},"excerpt":{"rendered":"<p>Appena le condizioni e le normative di sicurezza lo hanno permesso, l\u2019Acquario di Cattolica ha voluto festeggiare i sui primi 20 anni e riassumere due decenni di successo e di impatto positivo sul territorio romagnolo. La storia che lega l\u2019Acquario di Cattolica alla sua citt\u00e0 \u00e8 straordinaria: racconta di un Sindaco che vede un\u2019opportunit\u00e0 in&hellip;&nbsp;<a href=\"https:\/\/www.parchidellaromagna.it\/turismoinromagna\/acquario-di-cattolica-compie-20-anni\/\" class=\"\" rel=\"bookmark\">Leggi tutto &raquo;<span class=\"screen-reader-text\">L&#8217;Acquario di Cattolica compie 20 anni!<\/span><\/a><\/p>\n","protected":false},"author":1,"featured_media":257,"comment_status":"open","ping_status":"open","sticky":false,"template":"","format":"standard","meta":{"neve_meta_sidebar":"","neve_meta_container":"","neve_meta_enable_content_width":"","neve_meta_content_width":0,"neve_meta_title_alignment":"","neve_meta_author_avatar":"","neve_post_elements_order":"","neve_meta_disable_header":"","neve_meta_disable_footer":"","neve_meta_disable_title":"","footnotes":""},"categories":[184],"tags":[],"class_list":["post-256","post","type-post","status-publish","format-standard","has-post-thumbnail","hentry","category-acquario-di-cattolica"],"amp_enabled":true,"_links":{"self":[{"href":"https:\/\/www.parchidellaromagna.it\/turismoinromagna\/wp-json\/wp\/v2\/posts\/256","targetHints":{"allow":["GET"]}}],"collection":[{"href":"https:\/\/www.parchidellaromagna.it\/turismoinromagna\/wp-json\/wp\/v2\/posts"}],"about":[{"href":"https:\/\/www.parchidellaromagna.it\/turismoinromagna\/wp-json\/wp\/v2\/types\/post"}],"author":[{"embeddable":true,"href":"https:\/\/www.parchidellaromagna.it\/turismoinromagna\/wp-json\/wp\/v2\/users\/1"}],"replies":[{"embeddable":true,"href":"https:\/\/www.parchidellaromagna.it\/turismoinromagna\/wp-json\/wp\/v2\/comments?post=256"}],"version-history":[{"count":2,"href":"https:\/\/www.parchidellaromagna.it\/turismoinromagna\/wp-json\/wp\/v2\/posts\/256\/revisions"}],"predecessor-version":[{"id":825,"href":"https:\/\/www.parchidellaromagna.it\/turismoinromagna\/wp-json\/wp\/v2\/posts\/256\/revisions\/825"}],"wp:featuredmedia":[{"embeddable":true,"href":"https:\/\/www.parchidellaromagna.it\/turismoinromagna\/wp-json\/wp\/v2\/media\/257"}],"wp:attachment":[{"href":"https:\/\/www.parchidellaromagna.it\/turismoinromagna\/wp-json\/wp\/v2\/media?parent=256"}],"wp:term":[{"taxonomy":"category","embeddable":true,"href":"https:\/\/www.parchidellaromagna.it\/turismoinromagna\/wp-json\/wp\/v2\/categories?post=256"},{"taxonomy":"post_tag","embeddable":true,"href":"https:\/\/www.parchidellaromagna.it\/turismoinromagna\/wp-json\/wp\/v2\/tags?post=256"}],"curies":[{"name":"wp","href":"https:\/\/api.w.org\/{rel}","templated":true}]}}