{"id":219,"date":"2020-03-11T12:16:43","date_gmt":"2020-03-11T11:16:43","guid":{"rendered":"http:\/\/www.parchidellaromagna.it\/turismoinromagna\/?p=219"},"modified":"2022-09-04T12:15:46","modified_gmt":"2022-09-04T10:15:46","slug":"parchi-naturali-in-emilia-romagna","status":"publish","type":"post","link":"https:\/\/www.parchidellaromagna.it\/turismoinromagna\/parchi-naturali-in-emilia-romagna\/","title":{"rendered":"Parchi naturali in Emilia Romagna"},"content":{"rendered":"\n<figure class=\"wp-block-image\"><img loading=\"lazy\" decoding=\"async\" width=\"650\" height=\"433\" src=\"http:\/\/www.parchidellaromagna.it\/turismoinromagna\/wp-content\/uploads\/2017\/07\/ragazza-trekking-bosco-pixabay.jpg\" alt=\"ragazza che fa trekking nei boschi\" class=\"wp-image-165\" srcset=\"https:\/\/www.parchidellaromagna.it\/turismoinromagna\/wp-content\/uploads\/2017\/07\/ragazza-trekking-bosco-pixabay.jpg 650w, https:\/\/www.parchidellaromagna.it\/turismoinromagna\/wp-content\/uploads\/2017\/07\/ragazza-trekking-bosco-pixabay-300x200.jpg 300w\" sizes=\"auto, (max-width: 650px) 100vw, 650px\" \/><\/figure>\n\n\n\n<p class=\"wp-block-paragraph\">L\u2019<strong>Emilia Romagna<\/strong> \u00e8 conosciuta da tutti per le sue <a href=\"https:\/\/www.parchidellaromagna.it\/turismoinromagna\/le-spiagge-in-romagna\/\">spiagge<\/a>, le rinomate localit\u00e0 di mare, le citt\u00e0 d&#8217;arte (come Ferrara, Bologna o <a href=\"https:\/\/www.parchidellaromagna.it\/visitare-ravenna.php\">Ravenna<\/a>) e l&#8217;ottima <a href=\"https:\/\/www.parchidellaromagna.it\/turismoinromagna\/tradizione-enogastronomica-della-romagna\/\">offerta enogastronomica<\/a>. Sempre pi\u00f9 persone per\u00f2 stanno scoprendo le ricchezze naturali che questa regione pu\u00f2 offrire, <strong>mete ideali per weekend alternativi<\/strong> dove relax e movimento fisico sono i protagonisti.<\/p>\n\n\n\n<p class=\"wp-block-paragraph\">Spazio quindi a <strong>percorsi per trekking o giri in bicicletta, passeggiate nei parchi naturali, birdwatching nel Delta del Po<\/strong>. Vediamo pi\u00f9 in dettaglio alcune proposte interessanti per organizzare giornate singole o interi weekend di vacanza all&#8217;insegna dello svago all&#8217;aria aperta.<\/p>\n\n\n\n<p class=\"wp-block-paragraph\">L&#8217;Emilia Romagna pu\u00f2 vantare alcuni degli <strong>ecosistemi pi\u00f9 rari d\u2019Europa<\/strong> e una rete di <strong>aree naturali protette<\/strong> composta da 2 parchi nazionali, 1 parco interregionale, 14 parchi regionali e 15 riserve. <\/p>\n\n\n\n<h2 class=\"wp-block-heading\">Area naturale del Delta del Po<\/h2>\n\n\n\n<figure class=\"wp-block-image\"><img loading=\"lazy\" decoding=\"async\" width=\"650\" height=\"433\" src=\"https:\/\/www.parchidellaromagna.it\/turismoinromagna\/wp-content\/uploads\/2020\/03\/Casale-nelle-Valli-di-Comacchio.jpg\" alt=\"Casale nelle Valli di Comacchio\" class=\"wp-image-220\" srcset=\"https:\/\/www.parchidellaromagna.it\/turismoinromagna\/wp-content\/uploads\/2020\/03\/Casale-nelle-Valli-di-Comacchio.jpg 650w, https:\/\/www.parchidellaromagna.it\/turismoinromagna\/wp-content\/uploads\/2020\/03\/Casale-nelle-Valli-di-Comacchio-300x200.jpg 300w\" sizes=\"auto, (max-width: 650px) 100vw, 650px\" \/><figcaption>Casale nelle Valli di Comacchio &#8211; Foto di  Di Carlo Pelagalli, CC BY-SA 3.0 (Wikipedia)<\/figcaption><\/figure>\n\n\n\n<p class=\"wp-block-paragraph\">Il <strong>parco regionale del Delta del Po<\/strong> \u00e8 un&#8217;area naturale protetta istituita nel 1988 di circa 54 mila ettari\u00a0\u00a0compresa  nei comuni di <a href=\"https:\/\/www.parchidellaromagna.it\/cosa-vedere-a-cervia.php\">Cervia<\/a>, <a href=\"https:\/\/www.parchidellaromagna.it\/ravenna-cosa-vedere.php\">Ravenna<\/a> e Alfonsine in Provincia di Ravenna, e nei comuni di Argenta, Ostellato, Comacchio, Codigoro, Goro e Mesola nella provincia di Ferrara.  <\/p>\n\n\n\n<p class=\"wp-block-paragraph\">Nata per proteggere 11 zone umide di importanza internazionale, 18 siti di interesse comunitario e 16 zone a protezione speciale, l&#8217;area naturale del Delta del Po \u00e8 suddivisa in 6 zone:<\/p>\n\n\n\n<ol class=\"wp-block-list\"><li>Volano-Mesola-Goro (FE), estesa su 13 730 ettari. Protegge zone importanti come il Bosco della Mesola, dove sopravvive una rara sottospecie di cervo nobile, la Valle Bertuzzi e la sacca di Goro. Comprende anche l&#8217;abbazia di Pomposa, risalente al IX secolo.<\/li><li>Centro Storico di Comacchio (FE), estesa su 6&nbsp;715\n\tettari. Comprende, come dice il nome, il centro di&nbsp;Comacchio.\n\t<\/li><li>Valli di Comacchio&nbsp;(FE), che con i suoi 15&nbsp;105\n\tettari \u00e8 la stazione pi\u00f9 estesa. Protegge, oltre alle&nbsp;valli\n\tpropriamente dette, anche le&nbsp;saline di Comacchio&nbsp;(dove\n\tnidifica il&nbsp;fenicottero maggiore).\n\t<\/li><li>Pineta San Vitale e Piallase di Ravenna (RA), estesa su 7&nbsp;336\n\tha. La zona pi\u00f9 importante \u00e8, probabilmente, Punta Alberete, dove\n\tnidificano specie molto rare come il&nbsp;mignattaio, il&nbsp;marangone\n\tminore&nbsp;e la&nbsp;sgarza ciuffetto.\n\t<\/li><li>Pineta di Classe&nbsp;e&nbsp;Saline di Cervia&nbsp;(RA),\n\testesa su 8&nbsp;286 ettari. Comprende anche la&nbsp;basilica di\n\tSant&#8217;Apollinare in Classe.\n\t<\/li><li>Campotto&nbsp;di&nbsp;Argenta&nbsp;(FE), la pi\u00f9 piccola,\n\testesa su 2&nbsp;481 ettari. Qui nidifica il&nbsp;mignattino\n\tpiombato.\n<\/li><\/ol>\n\n\n\n<p class=\"wp-block-paragraph\">In tutte le zone del parco sono attivi dei centri visitatori pensati per istruire i turisti e guidarli nei diversi itinerari che si snodano tra le pinete, le Valli ed i piccoli centri storici. \u00c8 possibile fare passeggiate a piedi e lunghi <a href=\"https:\/\/www.parchidellaromagna.it\/turismoinromagna\/cicloturismo-in-romagna\/\">giri in bicicletta<\/a>, oltre che percorrerne i corsi fluviali con la barca o la motonave. Tra le attivit\u00e0 che si possono praticare all&#8217;aperto ci sono anche l&#8217;equitazione e, soprattutto, il birdwatching che qui permette di ammirare alcune specie pi\u00f9 rare come il fenicottero rosa, l&#8217;airone rosso, il falco di palude, la moretta tabaccata e la pernice di mare (solo per fare qualche esempio&#8230;).<\/p>\n\n\n\n<h2 class=\"wp-block-heading\">Parco Nazionale delle Foreste Casentinesi<\/h2>\n\n\n\n<figure class=\"wp-block-image\"><img loading=\"lazy\" decoding=\"async\" width=\"650\" height=\"488\" src=\"https:\/\/www.parchidellaromagna.it\/turismoinromagna\/wp-content\/uploads\/2020\/03\/lago-di-ridracoli.jpg\" alt=\"Lago di Ridracoli\" class=\"wp-image-221\" srcset=\"https:\/\/www.parchidellaromagna.it\/turismoinromagna\/wp-content\/uploads\/2020\/03\/lago-di-ridracoli.jpg 650w, https:\/\/www.parchidellaromagna.it\/turismoinromagna\/wp-content\/uploads\/2020\/03\/lago-di-ridracoli-300x225.jpg 300w\" sizes=\"auto, (max-width: 650px) 100vw, 650px\" \/><figcaption> Lago di Ridracoli &#8211; Foto di Di strocchi &#8211; Flickr, CC BY-SA 2.0 (Wikipedia) <\/figcaption><\/figure>\n\n\n\n<p class=\"wp-block-paragraph\">Tra le eccellenze naturalistiche dell&#8217;Emilia Romagna non pu\u00f2 non essere annoverato il <strong>Parco delle Foreste Casentinesi nell\u2019Appennino tosco-romagnolo<\/strong>, un vero paradiso per gli amanti del trekking. La riserva naturalistica offre una rete di ben 600 chilometri di sentieri che si snodano per fitti boschi, lungo percorsi panoramici lungo i quali \u00e8 possibile visitare santuari ed eremi pieni di misticismo e spiritualit\u00e0. Tutti i sentieri sono ben documentati ed \u00e8 possibile dotarsi di guide dettagliate, questo permette a chiunque, esperto o novizio del trekking, di poterli affrontare e godere al 100% delle bellezze e dei tesori di questo parco naturale in Romagna.  <\/p>\n\n\n\n<p class=\"wp-block-paragraph\">Tra le attrazioni che rendono particolarmente amato quest&#8217;area naturalistica spiccano gli eventi didattici, pensati prevalentemente per bambini, ragazzi e le loro famiglie. Ne \u00e8 uno splendido esempio &#8220;Sulle tracce del Lupo Appeninico&#8221;; si tratta di un percorso istruttivo di <strong>trekking per famiglie<\/strong> reso pi\u00f9 allegro e divertente dalla presenza di asinelli sul cui dorso \u00e8 possibile fare tratti del tragitto. L\u2019iniziativa \u00e8 volta a far conoscere e apprezzare la figura del lupo, sfatando magari le paure dei visitatori di pi\u00f9 tenera et\u00e0.  <\/p>\n\n\n\n<p class=\"wp-block-paragraph\"><a href=\"https:\/\/www.parchidellaromagna.it\/turismoinromagna\/parco-nazionale-delle-foreste-casentinesi\/\">Clicca qui per maggiori informazioni sul  Parco delle Foreste Casentinesi <\/a><\/p>\n\n\n\n<p class=\"wp-block-paragraph\"><strong>Da non perdere una visita al Lago di Ridracoli<\/strong>, bacino artificiale creato dall\u2019omonima diga di sbarramento del Fiume Bidente, che rappresenta un esempio perfetto di equilibrio tra ingegneria umana e ambiente. Si trova nel comune di Bagno di Romagna, sull\u2019Appennino di Forl\u00ec-Cesena, a un\u2019altezza di 557 metri dal livello del mare e si estende per una superficie di circa 1.033 km2.  <\/p>\n\n\n\n<h1 class=\"wp-block-heading\">Parco regionale del Corno alle Scale e Cascate della Dartagna<\/h1>\n\n\n\n<figure class=\"wp-block-image\"><img loading=\"lazy\" decoding=\"async\" width=\"650\" height=\"867\" src=\"https:\/\/www.parchidellaromagna.it\/turismoinromagna\/wp-content\/uploads\/2020\/03\/Cascate-della-Dardagna.jpg\" alt=\"Cascate della Dartagna\" class=\"wp-image-222\" srcset=\"https:\/\/www.parchidellaromagna.it\/turismoinromagna\/wp-content\/uploads\/2020\/03\/Cascate-della-Dardagna.jpg 650w, https:\/\/www.parchidellaromagna.it\/turismoinromagna\/wp-content\/uploads\/2020\/03\/Cascate-della-Dardagna-225x300.jpg 225w\" sizes=\"auto, (max-width: 650px) 100vw, 650px\" \/><figcaption>Cascate della Dartagna<\/figcaption><\/figure>\n\n\n\n<p class=\"wp-block-paragraph\">Il <strong>parco regionale del Corno alle Scale \u00e8 un&#8217;area naturale protetta dell&#8217;Emilia-Romagna<\/strong>, istituita nel 1988 sul Corno alle Scale in provincia di Bologna. Occupa una superficie di 4974 ha.<\/p>\n\n\n\n<p class=\"wp-block-paragraph\">Il parco si estende su un territorio di\ncirca 5000 ha, quasi interamente ricoperto di boschi. Sotto i 1000\nmetri di altitudine si incontrano le ultime propaggini dei querceti\ncollinari, boschi misti di orniello, olmo campestre, ciliegio,\ncastagno e numerosi arbusti, mentre ad altitudini maggiori il\npaesaggio \u00e8 dominato da faggeti, versanti rocciosi e praterie. La\nfauna selvatica comprende: caprioli, mufloni, lupi, marmotte e\naquile.<\/p>\n\n\n\n<p class=\"wp-block-paragraph\">Tra i tanti <strong>punti d&#8217;interesse del parco<\/strong>, sono da segnalare le <strong>Cascate della Dartagna<\/strong>, creati dalle acque dell&#8217;omonimo torrente che scendono dal Corno alle Scale\u00a0 e del monte Spigolino superando un dislivello di oltre 250 metri con 7 salti ripetuti (il pi\u00f9 alto supera i 30 metri). Le cascate possono essere raggiunte facilmente con un percorso suggestivo che parte dalla Madonna dell&#8217;Acero (1190\u00a0m\u00a0s.l.m.,\u00a0Lizzano in Belvedere).  <\/p>\n\n\n\n<h2 class=\"wp-block-heading\"> Lago Santo parmense<\/h2>\n\n\n\n<p class=\"wp-block-paragraph\">Altra <strong>attrattiva turistica naturale dell&#8217;Emilia Romagna \u00e8 il Lago Santo parmense,<\/strong> un grande bacino di origine glaciale situato nella provincia di Parma e considerato \u00a0il maggiore lago naturale di tutto l&#8217;Appennino settentrionale.<\/p>\n\n\n\n<p class=\"wp-block-paragraph\">Il lago si trova a 1.507 metri d&#8217;altitudine ed \u00e8 facilmente raggiungibile dal Rifugio Lagdei (situato a quota 1250 metri, a circa 10 km da Corniglio) tramite una seggiovia (attiva nei fine settimana e tutti i giorni d&#8217;estate), oppure a piedi seguendo un facile sentiero panoramico (723A) o un sentiero in mezzo al bosco di faggio (727\/723) che in tre quarti d&#8217;ora portano al rifugio Mariotti.  <\/p>\n\n\n\n<p class=\"wp-block-paragraph\">Nella stagione invernale, il Lago Santo\nparmense si ricopre di uno spesso strato di&nbsp;ghiaccio che\npermette  di fare&nbsp;immersioni subacquee sottoghiaccio. \n<\/p>\n\n\n\n<h2 class=\"wp-block-heading\">Sentieri per camminare nella natura in Emilia Romagna<\/h2>\n\n\n\n<p class=\"wp-block-paragraph\">Altre\u00a0<strong>vie del trekking molto famose in Emilia Romagna sono i\u00a0sentieri dell\u2019Alto Rubicone<\/strong>, articolata rete di 16 distinti percorsi i quali si snodano, complessivamente, per ben 155 chilometri; e il  Grande Anello della Val di Bagno che si sviluppa per circa 69 chilometri lungo sette percorsi distinti che attraversano boschi fitti e attraverso i quali \u00e8 possibile raggiungere punti d\u2019osservazione molto panoramici sul territorio circostante.<\/p>\n\n\n\n<p class=\"wp-block-paragraph\"><a href=\"https:\/\/www.parchidellaromagna.it\/turismoinromagna\/percorsi-trekking-e-mountain-bike-in-romagna\/\">Maggiori informazioni su sentieri e percorsi di trekking in Romagna sono consultabili in questo articolo<\/a><\/p>\n","protected":false},"excerpt":{"rendered":"<p>L\u2019Emilia Romagna \u00e8 conosciuta da tutti per le sue spiagge, le rinomate localit\u00e0 di mare, le citt\u00e0 d&#8217;arte (come Ferrara, Bologna o Ravenna) e l&#8217;ottima offerta enogastronomica. Sempre pi\u00f9 persone per\u00f2 stanno scoprendo le ricchezze naturali che questa regione pu\u00f2 offrire, mete ideali per weekend alternativi dove relax e movimento fisico sono i protagonisti. Spazio&hellip;&nbsp;<a href=\"https:\/\/www.parchidellaromagna.it\/turismoinromagna\/parchi-naturali-in-emilia-romagna\/\" rel=\"bookmark\">Leggi tutto &raquo;<span class=\"screen-reader-text\">Parchi naturali in Emilia Romagna<\/span><\/a><\/p>\n","protected":false},"author":1,"featured_media":221,"comment_status":"open","ping_status":"open","sticky":false,"template":"","format":"standard","meta":{"neve_meta_sidebar":"","neve_meta_container":"","neve_meta_enable_content_width":"","neve_meta_content_width":0,"neve_meta_title_alignment":"","neve_meta_author_avatar":"","neve_post_elements_order":"","neve_meta_disable_header":"","neve_meta_disable_footer":"","neve_meta_disable_title":"","footnotes":""},"categories":[9],"tags":[],"class_list":["post-219","post","type-post","status-publish","format-standard","has-post-thumbnail","hentry","category-parchi-naturali-in-romagna"],"aioseo_notices":[],"aioseo_head":"\n\t\t<!-- All in One SEO 5.0.0.1 - aioseo.com -->\n\t<meta name=\"description\" content=\"Parchi e aree naturali da visitare in Emilia Romagna, mete ideali per weekend rilassanti e trekking in montagna.\" \/>\n\t<meta name=\"robots\" content=\"max-image-preview:large\" \/>\n\t<meta name=\"author\" content=\"idste\"\/>\n\t<meta name=\"generator\" content=\"All in One SEO (AIOSEO) 5.0.0.1\" \/>\n\t\t<meta property=\"og:locale\" content=\"it_IT\" \/>\n\t\t<meta property=\"og:site_name\" content=\"Turismo in Romagna | Un nuovo sito targato WordPress\" \/>\n\t\t<meta property=\"og:type\" content=\"article\" \/>\n\t\t<meta property=\"og:title\" content=\"Parchi naturali in Emilia Romagna | Turismo in Romagna\" \/>\n\t\t<meta property=\"og:description\" content=\"Parchi e aree naturali da visitare in Emilia Romagna, mete ideali per weekend rilassanti e trekking in montagna.\" \/>\n\t\t<meta property=\"og:url\" content=\"https:\/\/www.parchidellaromagna.it\/turismoinromagna\/parchi-naturali-in-emilia-romagna\/\" \/>\n\t\t<meta property=\"og:image\" content=\"https:\/\/www.parchidellaromagna.it\/turismoinromagna\/wp-content\/uploads\/2017\/02\/cropped-parchidellaromagna-logo.png\" \/>\n\t\t<meta property=\"og:image:secure_url\" content=\"https:\/\/www.parchidellaromagna.it\/turismoinromagna\/wp-content\/uploads\/2017\/02\/cropped-parchidellaromagna-logo.png\" \/>\n\t\t<meta property=\"article:published_time\" content=\"2020-03-11T11:16:43+00:00\" \/>\n\t\t<meta property=\"article:modified_time\" content=\"2022-09-04T10:15:46+00:00\" \/>\n\t\t<meta name=\"twitter:card\" content=\"summary\" \/>\n\t\t<meta name=\"twitter:title\" content=\"Parchi naturali in Emilia Romagna | Turismo in Romagna\" \/>\n\t\t<meta name=\"twitter:description\" content=\"Parchi e aree naturali da visitare in Emilia Romagna, mete ideali per weekend rilassanti e trekking in montagna.\" \/>\n\t\t<meta name=\"twitter:image\" content=\"https:\/\/www.parchidellaromagna.it\/turismoinromagna\/wp-content\/uploads\/2017\/02\/cropped-parchidellaromagna-logo.png\" \/>\n\t\t<script type=\"application\/ld+json\" class=\"aioseo-schema\">\n\t\t\t{\"@context\":\"https:\\\/\\\/schema.org\",\"@graph\":[{\"@type\":\"Article\",\"@id\":\"https:\\\/\\\/www.parchidellaromagna.it\\\/turismoinromagna\\\/parchi-naturali-in-emilia-romagna\\\/#article\",\"name\":\"Parchi naturali in Emilia Romagna | Turismo in Romagna\",\"headline\":\"Parchi naturali in Emilia Romagna\",\"author\":{\"@id\":\"https:\\\/\\\/www.parchidellaromagna.it\\\/turismoinromagna\\\/author\\\/idste\\\/#author\"},\"publisher\":{\"@id\":\"https:\\\/\\\/www.parchidellaromagna.it\\\/turismoinromagna\\\/#organization\"},\"image\":{\"@type\":\"ImageObject\",\"url\":\"https:\\\/\\\/www.parchidellaromagna.it\\\/turismoinromagna\\\/wp-content\\\/uploads\\\/2020\\\/03\\\/lago-di-ridracoli.jpg\",\"width\":650,\"height\":488,\"caption\":\"Lago di Ridracoli\"},\"datePublished\":\"2020-03-11T12:16:43+01:00\",\"dateModified\":\"2022-09-04T12:15:46+02:00\",\"inLanguage\":\"it-IT\",\"mainEntityOfPage\":{\"@id\":\"https:\\\/\\\/www.parchidellaromagna.it\\\/turismoinromagna\\\/parchi-naturali-in-emilia-romagna\\\/#webpage\"},\"isPartOf\":{\"@id\":\"https:\\\/\\\/www.parchidellaromagna.it\\\/turismoinromagna\\\/parchi-naturali-in-emilia-romagna\\\/#webpage\"},\"articleSection\":\"Parchi naturali in Romagna\"},{\"@type\":\"BreadcrumbList\",\"@id\":\"https:\\\/\\\/www.parchidellaromagna.it\\\/turismoinromagna\\\/parchi-naturali-in-emilia-romagna\\\/#breadcrumblist\",\"itemListElement\":[{\"@type\":\"ListItem\",\"@id\":\"https:\\\/\\\/www.parchidellaromagna.it\\\/turismoinromagna#listItem\",\"position\":1,\"name\":\"Home\",\"item\":\"https:\\\/\\\/www.parchidellaromagna.it\\\/turismoinromagna\",\"nextItem\":{\"@type\":\"ListItem\",\"@id\":\"https:\\\/\\\/www.parchidellaromagna.it\\\/turismoinromagna\\\/category\\\/parchi-naturali-in-romagna\\\/#listItem\",\"name\":\"Parchi naturali in Romagna\"}},{\"@type\":\"ListItem\",\"@id\":\"https:\\\/\\\/www.parchidellaromagna.it\\\/turismoinromagna\\\/category\\\/parchi-naturali-in-romagna\\\/#listItem\",\"position\":2,\"name\":\"Parchi naturali in Romagna\",\"item\":\"https:\\\/\\\/www.parchidellaromagna.it\\\/turismoinromagna\\\/category\\\/parchi-naturali-in-romagna\\\/\",\"nextItem\":{\"@type\":\"ListItem\",\"@id\":\"https:\\\/\\\/www.parchidellaromagna.it\\\/turismoinromagna\\\/parchi-naturali-in-emilia-romagna\\\/#listItem\",\"name\":\"Parchi naturali in Emilia Romagna\"},\"previousItem\":{\"@type\":\"ListItem\",\"@id\":\"https:\\\/\\\/www.parchidellaromagna.it\\\/turismoinromagna#listItem\",\"name\":\"Home\"}},{\"@type\":\"ListItem\",\"@id\":\"https:\\\/\\\/www.parchidellaromagna.it\\\/turismoinromagna\\\/parchi-naturali-in-emilia-romagna\\\/#listItem\",\"position\":3,\"name\":\"Parchi naturali in Emilia Romagna\",\"previousItem\":{\"@type\":\"ListItem\",\"@id\":\"https:\\\/\\\/www.parchidellaromagna.it\\\/turismoinromagna\\\/category\\\/parchi-naturali-in-romagna\\\/#listItem\",\"name\":\"Parchi naturali in Romagna\"}}]},{\"@type\":\"Organization\",\"@id\":\"https:\\\/\\\/www.parchidellaromagna.it\\\/turismoinromagna\\\/#organization\",\"name\":\"Turismo in Romagna\",\"description\":\"Un nuovo sito targato WordPress\",\"url\":\"https:\\\/\\\/www.parchidellaromagna.it\\\/turismoinromagna\\\/\",\"logo\":{\"@type\":\"ImageObject\",\"url\":\"https:\\\/\\\/www.parchidellaromagna.it\\\/turismoinromagna\\\/wp-content\\\/uploads\\\/2017\\\/02\\\/cropped-parchidellaromagna-logo.png\",\"@id\":\"https:\\\/\\\/www.parchidellaromagna.it\\\/turismoinromagna\\\/parchi-naturali-in-emilia-romagna\\\/#organizationLogo\",\"width\":428,\"height\":64},\"image\":{\"@id\":\"https:\\\/\\\/www.parchidellaromagna.it\\\/turismoinromagna\\\/parchi-naturali-in-emilia-romagna\\\/#organizationLogo\"}},{\"@type\":\"Person\",\"@id\":\"https:\\\/\\\/www.parchidellaromagna.it\\\/turismoinromagna\\\/author\\\/idste\\\/#author\",\"url\":\"https:\\\/\\\/www.parchidellaromagna.it\\\/turismoinromagna\\\/author\\\/idste\\\/\",\"name\":\"idste\",\"image\":{\"@type\":\"ImageObject\",\"@id\":\"https:\\\/\\\/www.parchidellaromagna.it\\\/turismoinromagna\\\/parchi-naturali-in-emilia-romagna\\\/#authorImage\",\"url\":\"https:\\\/\\\/secure.gravatar.com\\\/avatar\\\/bafb31df9ddabee4c45eb16a056a2b5070a042d72b888385d1062eb4a5b92ca1?s=96&d=mm&r=g\",\"width\":96,\"height\":96,\"caption\":\"idste\"}},{\"@type\":\"WebPage\",\"@id\":\"https:\\\/\\\/www.parchidellaromagna.it\\\/turismoinromagna\\\/parchi-naturali-in-emilia-romagna\\\/#webpage\",\"url\":\"https:\\\/\\\/www.parchidellaromagna.it\\\/turismoinromagna\\\/parchi-naturali-in-emilia-romagna\\\/\",\"name\":\"Parchi naturali in Emilia Romagna | Turismo in Romagna\",\"description\":\"Parchi e aree naturali da visitare in Emilia Romagna, mete ideali per weekend rilassanti e trekking in montagna.\",\"inLanguage\":\"it-IT\",\"isPartOf\":{\"@id\":\"https:\\\/\\\/www.parchidellaromagna.it\\\/turismoinromagna\\\/#website\"},\"breadcrumb\":{\"@id\":\"https:\\\/\\\/www.parchidellaromagna.it\\\/turismoinromagna\\\/parchi-naturali-in-emilia-romagna\\\/#breadcrumblist\"},\"author\":{\"@id\":\"https:\\\/\\\/www.parchidellaromagna.it\\\/turismoinromagna\\\/author\\\/idste\\\/#author\"},\"creator\":{\"@id\":\"https:\\\/\\\/www.parchidellaromagna.it\\\/turismoinromagna\\\/author\\\/idste\\\/#author\"},\"image\":{\"@type\":\"ImageObject\",\"url\":\"https:\\\/\\\/www.parchidellaromagna.it\\\/turismoinromagna\\\/wp-content\\\/uploads\\\/2020\\\/03\\\/lago-di-ridracoli.jpg\",\"@id\":\"https:\\\/\\\/www.parchidellaromagna.it\\\/turismoinromagna\\\/parchi-naturali-in-emilia-romagna\\\/#mainImage\",\"width\":650,\"height\":488,\"caption\":\"Lago di Ridracoli\"},\"primaryImageOfPage\":{\"@id\":\"https:\\\/\\\/www.parchidellaromagna.it\\\/turismoinromagna\\\/parchi-naturali-in-emilia-romagna\\\/#mainImage\"},\"datePublished\":\"2020-03-11T12:16:43+01:00\",\"dateModified\":\"2022-09-04T12:15:46+02:00\"},{\"@type\":\"WebSite\",\"@id\":\"https:\\\/\\\/www.parchidellaromagna.it\\\/turismoinromagna\\\/#website\",\"url\":\"https:\\\/\\\/www.parchidellaromagna.it\\\/turismoinromagna\\\/\",\"name\":\"Turismo in Romagna\",\"description\":\"Un nuovo sito targato WordPress\",\"inLanguage\":\"it-IT\",\"publisher\":{\"@id\":\"https:\\\/\\\/www.parchidellaromagna.it\\\/turismoinromagna\\\/#organization\"}}]}\n\t\t<\/script>\n\t\t<!-- All in One SEO -->\n\n","aioseo_head_json":{"title":"Parchi naturali in Emilia Romagna | Turismo in Romagna","description":"Parchi e aree naturali da visitare in Emilia Romagna, mete ideali per weekend rilassanti e trekking in montagna.","canonical_url":"https:\/\/www.parchidellaromagna.it\/turismoinromagna\/parchi-naturali-in-emilia-romagna\/","robots":"max-image-preview:large","keywords":"","webmasterTools":{"miscellaneous":""},"schema":{"@context":"https:\/\/schema.org","@graph":[{"@type":"Article","@id":"https:\/\/www.parchidellaromagna.it\/turismoinromagna\/parchi-naturali-in-emilia-romagna\/#article","name":"Parchi naturali in Emilia Romagna | Turismo in Romagna","headline":"Parchi naturali in Emilia Romagna","author":{"@id":"https:\/\/www.parchidellaromagna.it\/turismoinromagna\/author\/idste\/#author"},"publisher":{"@id":"https:\/\/www.parchidellaromagna.it\/turismoinromagna\/#organization"},"image":{"@type":"ImageObject","url":"https:\/\/www.parchidellaromagna.it\/turismoinromagna\/wp-content\/uploads\/2020\/03\/lago-di-ridracoli.jpg","width":650,"height":488,"caption":"Lago di Ridracoli"},"datePublished":"2020-03-11T12:16:43+01:00","dateModified":"2022-09-04T12:15:46+02:00","inLanguage":"it-IT","mainEntityOfPage":{"@id":"https:\/\/www.parchidellaromagna.it\/turismoinromagna\/parchi-naturali-in-emilia-romagna\/#webpage"},"isPartOf":{"@id":"https:\/\/www.parchidellaromagna.it\/turismoinromagna\/parchi-naturali-in-emilia-romagna\/#webpage"},"articleSection":"Parchi naturali in Romagna"},{"@type":"BreadcrumbList","@id":"https:\/\/www.parchidellaromagna.it\/turismoinromagna\/parchi-naturali-in-emilia-romagna\/#breadcrumblist","itemListElement":[{"@type":"ListItem","@id":"https:\/\/www.parchidellaromagna.it\/turismoinromagna#listItem","position":1,"name":"Home","item":"https:\/\/www.parchidellaromagna.it\/turismoinromagna","nextItem":{"@type":"ListItem","@id":"https:\/\/www.parchidellaromagna.it\/turismoinromagna\/category\/parchi-naturali-in-romagna\/#listItem","name":"Parchi naturali in Romagna"}},{"@type":"ListItem","@id":"https:\/\/www.parchidellaromagna.it\/turismoinromagna\/category\/parchi-naturali-in-romagna\/#listItem","position":2,"name":"Parchi naturali in Romagna","item":"https:\/\/www.parchidellaromagna.it\/turismoinromagna\/category\/parchi-naturali-in-romagna\/","nextItem":{"@type":"ListItem","@id":"https:\/\/www.parchidellaromagna.it\/turismoinromagna\/parchi-naturali-in-emilia-romagna\/#listItem","name":"Parchi naturali in Emilia Romagna"},"previousItem":{"@type":"ListItem","@id":"https:\/\/www.parchidellaromagna.it\/turismoinromagna#listItem","name":"Home"}},{"@type":"ListItem","@id":"https:\/\/www.parchidellaromagna.it\/turismoinromagna\/parchi-naturali-in-emilia-romagna\/#listItem","position":3,"name":"Parchi naturali in Emilia Romagna","previousItem":{"@type":"ListItem","@id":"https:\/\/www.parchidellaromagna.it\/turismoinromagna\/category\/parchi-naturali-in-romagna\/#listItem","name":"Parchi naturali in Romagna"}}]},{"@type":"Organization","@id":"https:\/\/www.parchidellaromagna.it\/turismoinromagna\/#organization","name":"Turismo in Romagna","description":"Un nuovo sito targato WordPress","url":"https:\/\/www.parchidellaromagna.it\/turismoinromagna\/","logo":{"@type":"ImageObject","url":"https:\/\/www.parchidellaromagna.it\/turismoinromagna\/wp-content\/uploads\/2017\/02\/cropped-parchidellaromagna-logo.png","@id":"https:\/\/www.parchidellaromagna.it\/turismoinromagna\/parchi-naturali-in-emilia-romagna\/#organizationLogo","width":428,"height":64},"image":{"@id":"https:\/\/www.parchidellaromagna.it\/turismoinromagna\/parchi-naturali-in-emilia-romagna\/#organizationLogo"}},{"@type":"Person","@id":"https:\/\/www.parchidellaromagna.it\/turismoinromagna\/author\/idste\/#author","url":"https:\/\/www.parchidellaromagna.it\/turismoinromagna\/author\/idste\/","name":"idste","image":{"@type":"ImageObject","@id":"https:\/\/www.parchidellaromagna.it\/turismoinromagna\/parchi-naturali-in-emilia-romagna\/#authorImage","url":"https:\/\/secure.gravatar.com\/avatar\/bafb31df9ddabee4c45eb16a056a2b5070a042d72b888385d1062eb4a5b92ca1?s=96&d=mm&r=g","width":96,"height":96,"caption":"idste"}},{"@type":"WebPage","@id":"https:\/\/www.parchidellaromagna.it\/turismoinromagna\/parchi-naturali-in-emilia-romagna\/#webpage","url":"https:\/\/www.parchidellaromagna.it\/turismoinromagna\/parchi-naturali-in-emilia-romagna\/","name":"Parchi naturali in Emilia Romagna | Turismo in Romagna","description":"Parchi e aree naturali da visitare in Emilia Romagna, mete ideali per weekend rilassanti e trekking in montagna.","inLanguage":"it-IT","isPartOf":{"@id":"https:\/\/www.parchidellaromagna.it\/turismoinromagna\/#website"},"breadcrumb":{"@id":"https:\/\/www.parchidellaromagna.it\/turismoinromagna\/parchi-naturali-in-emilia-romagna\/#breadcrumblist"},"author":{"@id":"https:\/\/www.parchidellaromagna.it\/turismoinromagna\/author\/idste\/#author"},"creator":{"@id":"https:\/\/www.parchidellaromagna.it\/turismoinromagna\/author\/idste\/#author"},"image":{"@type":"ImageObject","url":"https:\/\/www.parchidellaromagna.it\/turismoinromagna\/wp-content\/uploads\/2020\/03\/lago-di-ridracoli.jpg","@id":"https:\/\/www.parchidellaromagna.it\/turismoinromagna\/parchi-naturali-in-emilia-romagna\/#mainImage","width":650,"height":488,"caption":"Lago di Ridracoli"},"primaryImageOfPage":{"@id":"https:\/\/www.parchidellaromagna.it\/turismoinromagna\/parchi-naturali-in-emilia-romagna\/#mainImage"},"datePublished":"2020-03-11T12:16:43+01:00","dateModified":"2022-09-04T12:15:46+02:00"},{"@type":"WebSite","@id":"https:\/\/www.parchidellaromagna.it\/turismoinromagna\/#website","url":"https:\/\/www.parchidellaromagna.it\/turismoinromagna\/","name":"Turismo in Romagna","description":"Un nuovo sito targato WordPress","inLanguage":"it-IT","publisher":{"@id":"https:\/\/www.parchidellaromagna.it\/turismoinromagna\/#organization"}}]},"og:locale":"it_IT","og:site_name":"Turismo in Romagna | Un nuovo sito targato WordPress","og:type":"article","og:title":"Parchi naturali in Emilia Romagna | Turismo in Romagna","og:description":"Parchi e aree naturali da visitare in Emilia Romagna, mete ideali per weekend rilassanti e trekking in montagna.","og:url":"https:\/\/www.parchidellaromagna.it\/turismoinromagna\/parchi-naturali-in-emilia-romagna\/","og:image":"https:\/\/www.parchidellaromagna.it\/turismoinromagna\/wp-content\/uploads\/2017\/02\/cropped-parchidellaromagna-logo.png","og:image:secure_url":"https:\/\/www.parchidellaromagna.it\/turismoinromagna\/wp-content\/uploads\/2017\/02\/cropped-parchidellaromagna-logo.png","article:published_time":"2020-03-11T11:16:43+00:00","article:modified_time":"2022-09-04T10:15:46+00:00","twitter:card":"summary","twitter:title":"Parchi naturali in Emilia Romagna | Turismo in Romagna","twitter:description":"Parchi e aree naturali da visitare in Emilia Romagna, mete ideali per weekend rilassanti e trekking in montagna.","twitter:image":"https:\/\/www.parchidellaromagna.it\/turismoinromagna\/wp-content\/uploads\/2017\/02\/cropped-parchidellaromagna-logo.png"},"aioseo_meta_data":{"post_id":"219","title":"Parchi naturali in Emilia Romagna | #site_title","description":"Parchi e aree naturali da visitare in Emilia Romagna, mete ideali per weekend rilassanti e trekking in montagna.","keywords":[],"keyphrases":{"focus":{"keyphrase":"","score":0,"analysis":{"keyphraseInTitle":{"score":0,"maxScore":9,"error":1}}},"additional":[]},"primary_term":null,"canonical_url":null,"og_title":null,"og_description":null,"og_object_type":"default","og_image_type":"default","og_image_url":null,"og_image_width":null,"og_image_height":null,"og_image_custom_url":null,"og_image_custom_fields":null,"og_video":"","og_custom_url":null,"og_article_section":null,"og_article_tags":[],"twitter_use_og":false,"twitter_card":"default","twitter_image_type":"default","twitter_image_url":null,"twitter_image_custom_url":null,"twitter_image_custom_fields":null,"twitter_title":null,"twitter_description":null,"schema":{"blockGraphs":[],"customGraphs":[],"default":{"data":{"Article":{"id":"aioseo-article-63b591e48a461","slug":"article","graphName":"Article","label":"Articolo","properties":{"type":"BlogPosting","name":"#post_title","headline":"#post_title","description":"#post_excerpt","image":"","keywords":"","author":{"name":"#author_name","url":"#author_url"},"dates":{"include":true,"datePublished":"","dateModified":""}}},"Course":[],"Dataset":[],"FAQPage":[],"Movie":[],"Person":[],"Product":[],"ProductReview":[],"Car":[],"Recipe":[],"Service":[],"SoftwareApplication":[],"WebPage":[]},"graphName":"Article","isEnabled":true},"graphs":[]},"schema_type":"default","schema_type_options":"{\"article\":{\"articleType\":\"BlogPosting\"},\"course\":{\"name\":\"\",\"description\":\"\",\"provider\":\"\"},\"faq\":{\"pages\":[]},\"product\":{\"reviews\":[]},\"recipe\":{\"ingredients\":[],\"instructions\":[],\"keywords\":[]},\"software\":{\"reviews\":[],\"operatingSystems\":[]},\"webPage\":{\"webPageType\":\"WebPage\"},\"blockGraphs\":[]}","pillar_content":false,"robots_default":true,"robots_noindex":false,"robots_noarchive":false,"robots_nosnippet":false,"robots_nofollow":false,"robots_noimageindex":false,"robots_noodp":false,"robots_notranslate":false,"robots_max_snippet":"-1","robots_max_videopreview":"-1","robots_max_imagepreview":"large","priority":null,"frequency":"default","location":null,"local_seo":null,"limit_modified_date":false,"created":"2021-01-06 16:08:25","updated":"2026-08-10 13:45:58","focus_keyword":null,"additional_keywords":null,"truseo_locale":null,"ai":null,"breadcrumb_settings":null,"seo_analyzer_scan_date":null},"amp_enabled":true,"_links":{"self":[{"href":"https:\/\/www.parchidellaromagna.it\/turismoinromagna\/wp-json\/wp\/v2\/posts\/219","targetHints":{"allow":["GET"]}}],"collection":[{"href":"https:\/\/www.parchidellaromagna.it\/turismoinromagna\/wp-json\/wp\/v2\/posts"}],"about":[{"href":"https:\/\/www.parchidellaromagna.it\/turismoinromagna\/wp-json\/wp\/v2\/types\/post"}],"author":[{"embeddable":true,"href":"https:\/\/www.parchidellaromagna.it\/turismoinromagna\/wp-json\/wp\/v2\/users\/1"}],"replies":[{"embeddable":true,"href":"https:\/\/www.parchidellaromagna.it\/turismoinromagna\/wp-json\/wp\/v2\/comments?post=219"}],"version-history":[{"count":0,"href":"https:\/\/www.parchidellaromagna.it\/turismoinromagna\/wp-json\/wp\/v2\/posts\/219\/revisions"}],"wp:featuredmedia":[{"embeddable":true,"href":"https:\/\/www.parchidellaromagna.it\/turismoinromagna\/wp-json\/wp\/v2\/media\/221"}],"wp:attachment":[{"href":"https:\/\/www.parchidellaromagna.it\/turismoinromagna\/wp-json\/wp\/v2\/media?parent=219"}],"wp:term":[{"taxonomy":"category","embeddable":true,"href":"https:\/\/www.parchidellaromagna.it\/turismoinromagna\/wp-json\/wp\/v2\/categories?post=219"},{"taxonomy":"post_tag","embeddable":true,"href":"https:\/\/www.parchidellaromagna.it\/turismoinromagna\/wp-json\/wp\/v2\/tags?post=219"}],"curies":[{"name":"wp","href":"https:\/\/api.w.org\/{rel}","templated":true}]}}